{"id":7245,"date":"2021-09-14T10:21:10","date_gmt":"2021-09-14T08:21:10","guid":{"rendered":"https:\/\/wolftour.it\/?p=7245"},"modified":"2022-03-28T03:02:23","modified_gmt":"2022-03-28T01:02:23","slug":"escursione-guidata-a-penne-citta-del-mattone-capoluogo-dellarea-vestina","status":"publish","type":"post","link":"https:\/\/wolftour.it\/it\/news\/escursione-guidata-a-penne-citta-del-mattone-capoluogo-dellarea-vestina\/","title":{"rendered":"Penne e il Gran Sasso d&#8217;Italia, Evento riservato ai Soci del Consorzio Abruzzotravelling"},"content":{"rendered":"<p><\/p>\n<div class=\"two-columns\">\n<div class=\"dati1w0a ihqw7lf3 hv4rvrfc ecm0bbzt i1fnvgqd btwxx1t3 aovydwv3 du4w35lb l9j0dhe7 hpfvmrgz tgvbjcpo kvgmc6g5 hcukyx3x cxmmr5t8 oygrvhab g5gj957u buofh1pr j83agx80 rq0escxv auili1gw ow4ym5g4\">\n<div class=\"\">\n<h2>Escursione Guidata a Penne, Citt\u00e0 del Mattone, capoluogo dell&#8217;Area Vestina<\/h2>\n<p>06 Ottobre 2021 &#8211;\u00a0<em>Gratuito. Riservato ai soci del Consorzio Abruzzotravelling<\/em><\/p>\n<div dir=\"auto\">Penne \u00e8 il centro pi\u00f9 importante della Provincia di Pescara, per Storia, Tradizioni, Monumenti. La Citt\u00e0 vive soprattutto di commercio e artigianato.<\/div>\n<\/div>\n<\/div>\n<div dir=\"auto\"><\/div>\n<div dir=\"auto\">Programma di visita<\/div>\n<div dir=\"auto\">Ore 09:45 &#8211; Arrivo nel capoluogo vestino e visita della Citt\u00e0<\/div>\n<div dir=\"auto\">Ore 11:30 &#8211; Trekking <span style=\"color: #333333;\"><a style=\"color: #333333;\" href=\"https:\/\/aseansafeschoolsinitiative.org\/\">slot gacor hari ini<\/a> <\/span>dal capoluogo alla Riserva Naturale Regionale Lago di Penne<\/div>\n<div dir=\"auto\">Ore 13:30 &#8211; Degustazione prodotti locali<\/div>\n<div dir=\"auto\">Ore 15:00 &#8211; Visita Centro Lupi &amp; Ibridi<\/div>\n<div dir=\"auto\">Ore 16:00 &#8211; Navetta verso il capoluogo vestino<\/div>\n<div dir=\"auto\"><\/div>\n<\/div>\n<div class=\"two-columns\">\n<div class=\"dati1w0a ihqw7lf3 hv4rvrfc ecm0bbzt i1fnvgqd btwxx1t3 aovydwv3 du4w35lb l9j0dhe7 hpfvmrgz tgvbjcpo kvgmc6g5 hcukyx3x cxmmr5t8 oygrvhab g5gj957u buofh1pr j83agx80 rq0escxv auili1gw ow4ym5g4\">\n<div class=\"\">\n<div dir=\"auto\"><em><strong>Prenotazione Obbligatoria<\/strong><\/em><\/div>\n<div dir=\"auto\"><em><strong>Obbligo <span data-sheets-value=\"{&quot;1&quot;:2,&quot;2&quot;:&quot;situs judi slot pragmatic terbaik&quot;}\" data-sheets-userformat=\"{&quot;2&quot;:4995,&quot;3&quot;:{&quot;1&quot;:0},&quot;4&quot;:{&quot;1&quot;:3,&quot;3&quot;:2},&quot;10&quot;:2,&quot;11&quot;:3,&quot;12&quot;:0,&quot;15&quot;:&quot;Arial&quot;}\"><span style=\"color: #333333;\"><a style=\"color: #333333;\" href=\"https:\/\/www.npmjs.com\/package\/situs-judi-online-slot-pragmatic-play-terpercaya-2022\">situs judi slot pragmatic<\/a><\/span> terbaik<\/span> Green Pass<\/strong><\/em><\/div>\n<\/div>\n<\/div>\n<div dir=\"auto\">\n<div>\n<div><\/div>\n<div>La visita \u00e8 affidata alla competenza di accompagnatori che\u00a0forniscono notizie storico-culturali e curiosit\u00e0 su Penne. E&#8217; possibile che per motivi di ordine\u00a0tecnico e in momenti di particolare flusso turistico, l&#8217;ordine delle\u00a0visite guidate e delle escursioni in programma <span style=\"color: #333333;\"><a style=\"color: #333333;\" href=\"https:\/\/sondeoeconomico.com\/slot-gacor\/\">slot gacor<\/a> <\/span>possano subire modifiche\u00a0senza preavviso.<br \/>\nI nostri tour prevedono visite da effettuare a piedi e pertanto sono <span style=\"color: #333333;\"><a style=\"color: #333333;\" href=\"https:\/\/www.punjabmedicalcouncil.com\/\">situs slot gacor<\/a> <\/span>sconsigliati a passeggeri con difficolt\u00e0 di deambulazione.<\/div>\n<\/div>\n<\/div>\n<div class=\"dati1w0a ihqw7lf3 hv4rvrfc ecm0bbzt i1fnvgqd btwxx1t3 aovydwv3 du4w35lb l9j0dhe7 hpfvmrgz tgvbjcpo kvgmc6g5 hcukyx3x cxmmr5t8 oygrvhab g5gj957u buofh1pr j83agx80 rq0escxv auili1gw ow4ym5g4\">\n<div class=\"\">\n<p class=\"_1mf _1mj\">Ci vediamo presto!<\/p>\n<\/div>\n<\/div>\n<\/div>\n<p><\/p>","protected":false},"excerpt":{"rendered":"<p>Escursione Guidata a Penne, Citt\u00e0 del Mattone, capoluogo dell&#8217;Area Vestina 06 Ottobre 2021 &#8211;\u00a0Gratuito. Riservato ai soci del Consorzio Abruzzotravelling Penne \u00e8 il centro pi\u00f9 importante della Provincia di Pescara, per Storia, Tradizioni, Monumenti. La Citt\u00e0 vive soprattutto di commercio e artigianato. Programma di visita Ore 09:45 &#8211; Arrivo nel capoluogo vestino e visita della &hellip; <a href=\"https:\/\/wolftour.it\/it\/news\/escursione-guidata-a-penne-citta-del-mattone-capoluogo-dellarea-vestina\/\" class=\"more-link\">Leggi tutto<span class=\"screen-reader-text\"> &#8220;Penne e il Gran Sasso d&#8217;Italia, Evento riservato ai Soci del Consorzio Abruzzotravelling&#8221;<\/span><\/a><\/p>\n","protected":false},"author":3,"featured_media":7246,"comment_status":"open","ping_status":"open","sticky":false,"template":"","format":"standard","meta":[],"categories":[7,1],"tags":[48,198,199,49],"yoast_head":"\n<title>Penne e il Gran Sasso d&#039;Italia, Evento riservato ai Soci del Consorzio Abruzzotravelling &laquo; Wolftour | Tour Operator in Abruzzo<\/title>\n<meta name=\"description\" content=\"Escursione Guidata a Penne, Citt\u00e0 del Mattone, capoluogo dell&#039;Area Vestina. Penne \u00e8 il centro pi\u00f9 importante della Provincia di Pescara, per Storia, Tradizioni, Monumenti. La Citt\u00e0 vive soprattutto di commercio e artigianato.\" \/>\n<meta name=\"robots\" content=\"index, follow, max-snippet:-1, max-image-preview:large, max-video-preview:-1\" \/>\n<link rel=\"canonical\" href=\"https:\/\/wolftour.it\/en\/news\/escursione-guidata-a-penne-citta-del-mattone-capoluogo-dellarea-vestina\/\" \/>\n<meta property=\"og:locale\" content=\"it_IT\" \/>\n<meta property=\"og:type\" content=\"article\" \/>\n<meta property=\"og:title\" content=\"Scuola di Canoa per Bambini e Ragazzi dai 6 ai 14 anni\" \/>\n<meta property=\"og:description\" content=\"Dedicato a chi vuole avvicinarsi a questa bellissima attivit\u00e0!\" \/>\n<meta property=\"og:url\" content=\"https:\/\/wolftour.it\/en\/news\/escursione-guidata-a-penne-citta-del-mattone-capoluogo-dellarea-vestina\/\" \/>\n<meta property=\"og:site_name\" content=\"Wolftour | Tour Operator in Abruzzo\" \/>\n<meta property=\"article:publisher\" content=\"https:\/\/www.facebook.com\/Wolftour\/\" \/>\n<meta property=\"article:published_time\" content=\"2021-09-14T08:21:10+00:00\" \/>\n<meta property=\"article:modified_time\" content=\"2022-03-28T01:02:23+00:00\" \/>\n<meta property=\"og:image\" content=\"https:\/\/wolftour.it\/wp-content\/uploads\/2021\/02\/IMG_4328-scaled.jpg\" \/>\n\t<meta property=\"og:image:width\" content=\"1707\" \/>\n\t<meta property=\"og:image:height\" content=\"2560\" \/>\n\t<meta property=\"og:image:type\" content=\"image\/jpeg\" \/>\n<meta name=\"author\" content=\"Federica Giuliani\" \/>\n<meta name=\"twitter:card\" content=\"summary_large_image\" \/>\n<meta name=\"twitter:creator\" content=\"@Wolftour\" \/>\n<meta name=\"twitter:site\" content=\"@Wolftour\" \/>\n<meta name=\"twitter:label1\" content=\"Scritto da\" \/>\n\t<meta name=\"twitter:data1\" content=\"Federica Giuliani\" \/>\n\t<meta name=\"twitter:label2\" content=\"Tempo di lettura stimato\" \/>\n\t<meta name=\"twitter:data2\" content=\"1 minuto\" \/>\n<script type=\"application\/ld+json\" class=\"yoast-schema-graph\">{\"@context\":\"https:\/\/schema.org\",\"@graph\":[{\"@type\":\"Article\",\"@id\":\"https:\/\/wolftour.it\/en\/news\/escursione-guidata-a-penne-citta-del-mattone-capoluogo-dellarea-vestina\/#article\",\"isPartOf\":{\"@id\":\"https:\/\/wolftour.it\/en\/news\/escursione-guidata-a-penne-citta-del-mattone-capoluogo-dellarea-vestina\/\"},\"author\":{\"name\":\"Federica Giuliani\",\"@id\":\"https:\/\/wolftour.it\/it\/#\/schema\/person\/4a730d83f449933bec1d5d28eadbb73b\"},\"headline\":\"Penne e il Gran Sasso d&#8217;Italia, Evento riservato ai Soci del Consorzio Abruzzotravelling\",\"datePublished\":\"2021-09-14T08:21:10+00:00\",\"dateModified\":\"2022-03-28T01:02:23+00:00\",\"mainEntityOfPage\":{\"@id\":\"https:\/\/wolftour.it\/en\/news\/escursione-guidata-a-penne-citta-del-mattone-capoluogo-dellarea-vestina\/\"},\"wordCount\":372,\"commentCount\":0,\"publisher\":{\"@id\":\"https:\/\/wolftour.it\/it\/#organization\"},\"keywords\":[\"Abruzzo\",\"Abruzzotravelling\",\"Educational\",\"Penne\"],\"articleSection\":[\"News\",\"Uncategorized\"],\"inLanguage\":\"it-IT\",\"potentialAction\":[{\"@type\":\"CommentAction\",\"name\":\"Comment\",\"target\":[\"https:\/\/wolftour.it\/en\/news\/escursione-guidata-a-penne-citta-del-mattone-capoluogo-dellarea-vestina\/#respond\"]}]},{\"@type\":\"WebPage\",\"@id\":\"https:\/\/wolftour.it\/en\/news\/escursione-guidata-a-penne-citta-del-mattone-capoluogo-dellarea-vestina\/\",\"url\":\"https:\/\/wolftour.it\/en\/news\/escursione-guidata-a-penne-citta-del-mattone-capoluogo-dellarea-vestina\/\",\"name\":\"[:it]Penne e il Gran Sasso d'Italia, Evento riservato ai Soci del Consorzio Abruzzotravelling[:en]Penne and the Gran Sasso d'Italia, Event reserved for members of the Abruzzotravelling Consortium[:] &laquo; Wolftour | Tour Operator in Abruzzo\",\"isPartOf\":{\"@id\":\"https:\/\/wolftour.it\/it\/#website\"},\"datePublished\":\"2021-09-14T08:21:10+00:00\",\"dateModified\":\"2022-03-28T01:02:23+00:00\",\"description\":\"Escursione Guidata a Penne, Citt\u00e0 del Mattone, capoluogo dell'Area Vestina. Penne \u00e8 il centro pi\u00f9 importante della Provincia di Pescara, per Storia, Tradizioni, Monumenti. La Citt\u00e0 vive soprattutto di commercio e artigianato.\",\"breadcrumb\":{\"@id\":\"https:\/\/wolftour.it\/en\/news\/escursione-guidata-a-penne-citta-del-mattone-capoluogo-dellarea-vestina\/#breadcrumb\"},\"inLanguage\":\"it-IT\",\"potentialAction\":[{\"@type\":\"ReadAction\",\"target\":[\"https:\/\/wolftour.it\/en\/news\/escursione-guidata-a-penne-citta-del-mattone-capoluogo-dellarea-vestina\/\"]}]},{\"@type\":\"BreadcrumbList\",\"@id\":\"https:\/\/wolftour.it\/en\/news\/escursione-guidata-a-penne-citta-del-mattone-capoluogo-dellarea-vestina\/#breadcrumb\",\"itemListElement\":[{\"@type\":\"ListItem\",\"position\":1,\"name\":\"Home\",\"item\":\"https:\/\/wolftour.it\/homepage\/homepage\/\"},{\"@type\":\"ListItem\",\"position\":2,\"name\":\"Penne and the Gran Sasso d&#8217;Italia, Event reserved for members of the Abruzzotravelling Consortium\"}]},{\"@type\":\"WebSite\",\"@id\":\"https:\/\/wolftour.it\/it\/#website\",\"url\":\"https:\/\/wolftour.it\/it\/\",\"name\":\"Wolftour | Tour Operator in Abruzzo\",\"description\":\"Viaggi e Vacanze Tour Operator in Abruzzo\",\"publisher\":{\"@id\":\"https:\/\/wolftour.it\/it\/#organization\"},\"potentialAction\":[{\"@type\":\"SearchAction\",\"target\":{\"@type\":\"EntryPoint\",\"urlTemplate\":\"https:\/\/wolftour.it\/it\/?s={search_term_string}\"},\"query-input\":\"required name=search_term_string\"}],\"inLanguage\":\"it-IT\"},{\"@type\":\"Organization\",\"@id\":\"https:\/\/wolftour.it\/it\/#organization\",\"name\":\"Wolftour Srl\",\"url\":\"https:\/\/wolftour.it\/it\/\",\"logo\":{\"@type\":\"ImageObject\",\"inLanguage\":\"it-IT\",\"@id\":\"https:\/\/wolftour.it\/it\/#\/schema\/logo\/image\/\",\"url\":\"https:\/\/wolftour.it\/wp-content\/uploads\/2016\/09\/wf_logo_mod.png\",\"contentUrl\":\"https:\/\/wolftour.it\/wp-content\/uploads\/2016\/09\/wf_logo_mod.png\",\"width\":680,\"height\":205,\"caption\":\"Wolftour Srl\"},\"image\":{\"@id\":\"https:\/\/wolftour.it\/it\/#\/schema\/logo\/image\/\"},\"sameAs\":[\"https:\/\/www.facebook.com\/Wolftour\/\",\"https:\/\/twitter.com\/Wolftour\",\"https:\/\/www.instagram.com\/wolftour_italy\/\",\"https:\/\/it.pinterest.com\/wolftour\/\",\"https:\/\/www.youtube.com\/channel\/UCl8wQzrF789bSFRAA7_XJCQ\"]},{\"@type\":\"Person\",\"@id\":\"https:\/\/wolftour.it\/it\/#\/schema\/person\/4a730d83f449933bec1d5d28eadbb73b\",\"name\":\"Federica Giuliani\",\"image\":{\"@type\":\"ImageObject\",\"inLanguage\":\"it-IT\",\"@id\":\"https:\/\/wolftour.it\/it\/#\/schema\/person\/image\/\",\"url\":\"https:\/\/secure.gravatar.com\/avatar\/147585a7a120160f8039266a8f5981d3?s=96&d=mm&r=g\",\"contentUrl\":\"https:\/\/secure.gravatar.com\/avatar\/147585a7a120160f8039266a8f5981d3?s=96&d=mm&r=g\",\"caption\":\"Federica Giuliani\"},\"url\":\"https:\/\/wolftour.it\/it\/author\/federica\/\"}]}<\/script>\n","yoast_head_json":{"title":"[:it]Penne e il Gran Sasso d'Italia, Evento riservato ai Soci del Consorzio Abruzzotravelling[:en]Penne and the Gran Sasso d'Italia, Event reserved for members of the Abruzzotravelling Consortium[:] &laquo; Wolftour | Tour Operator in Abruzzo","description":"Escursione Guidata a Penne, Citt\u00e0 del Mattone, capoluogo dell'Area Vestina. Penne \u00e8 il centro pi\u00f9 importante della Provincia di Pescara, per Storia, Tradizioni, Monumenti. La Citt\u00e0 vive soprattutto di commercio e artigianato.","robots":{"index":"index","follow":"follow","max-snippet":"max-snippet:-1","max-image-preview":"max-image-preview:large","max-video-preview":"max-video-preview:-1"},"canonical":"https:\/\/wolftour.it\/en\/news\/escursione-guidata-a-penne-citta-del-mattone-capoluogo-dellarea-vestina\/","og_locale":"it_IT","og_type":"article","og_title":"Scuola di Canoa per Bambini e Ragazzi dai 6 ai 14 anni","og_description":"Dedicato a chi vuole avvicinarsi a questa bellissima attivit\u00e0!","og_url":"https:\/\/wolftour.it\/en\/news\/escursione-guidata-a-penne-citta-del-mattone-capoluogo-dellarea-vestina\/","og_site_name":"Wolftour | Tour Operator in Abruzzo","article_publisher":"https:\/\/www.facebook.com\/Wolftour\/","article_published_time":"2021-09-14T08:21:10+00:00","article_modified_time":"2022-03-28T01:02:23+00:00","og_image":[{"width":1707,"height":2560,"url":"https:\/\/wolftour.it\/wp-content\/uploads\/2021\/02\/IMG_4328-scaled.jpg","type":"image\/jpeg"}],"author":"Federica Giuliani","twitter_card":"summary_large_image","twitter_creator":"@Wolftour","twitter_site":"@Wolftour","twitter_misc":{"Scritto da":"Federica Giuliani","Tempo di lettura stimato":"1 minuto"},"schema":{"@context":"https:\/\/schema.org","@graph":[{"@type":"Article","@id":"https:\/\/wolftour.it\/en\/news\/escursione-guidata-a-penne-citta-del-mattone-capoluogo-dellarea-vestina\/#article","isPartOf":{"@id":"https:\/\/wolftour.it\/en\/news\/escursione-guidata-a-penne-citta-del-mattone-capoluogo-dellarea-vestina\/"},"author":{"name":"Federica Giuliani","@id":"https:\/\/wolftour.it\/it\/#\/schema\/person\/4a730d83f449933bec1d5d28eadbb73b"},"headline":"Penne e il Gran Sasso d&#8217;Italia, Evento riservato ai Soci del Consorzio Abruzzotravelling","datePublished":"2021-09-14T08:21:10+00:00","dateModified":"2022-03-28T01:02:23+00:00","mainEntityOfPage":{"@id":"https:\/\/wolftour.it\/en\/news\/escursione-guidata-a-penne-citta-del-mattone-capoluogo-dellarea-vestina\/"},"wordCount":372,"commentCount":0,"publisher":{"@id":"https:\/\/wolftour.it\/it\/#organization"},"keywords":["Abruzzo","Abruzzotravelling","Educational","Penne"],"articleSection":["News","Uncategorized"],"inLanguage":"it-IT","potentialAction":[{"@type":"CommentAction","name":"Comment","target":["https:\/\/wolftour.it\/en\/news\/escursione-guidata-a-penne-citta-del-mattone-capoluogo-dellarea-vestina\/#respond"]}]},{"@type":"WebPage","@id":"https:\/\/wolftour.it\/en\/news\/escursione-guidata-a-penne-citta-del-mattone-capoluogo-dellarea-vestina\/","url":"https:\/\/wolftour.it\/en\/news\/escursione-guidata-a-penne-citta-del-mattone-capoluogo-dellarea-vestina\/","name":"[:it]Penne e il Gran Sasso d'Italia, Evento riservato ai Soci del Consorzio Abruzzotravelling[:en]Penne and the Gran Sasso d'Italia, Event reserved for members of the Abruzzotravelling Consortium[:] &laquo; Wolftour | Tour Operator in Abruzzo","isPartOf":{"@id":"https:\/\/wolftour.it\/it\/#website"},"datePublished":"2021-09-14T08:21:10+00:00","dateModified":"2022-03-28T01:02:23+00:00","description":"Escursione Guidata a Penne, Citt\u00e0 del Mattone, capoluogo dell'Area Vestina. Penne \u00e8 il centro pi\u00f9 importante della Provincia di Pescara, per Storia, Tradizioni, Monumenti. La Citt\u00e0 vive soprattutto di commercio e artigianato.","breadcrumb":{"@id":"https:\/\/wolftour.it\/en\/news\/escursione-guidata-a-penne-citta-del-mattone-capoluogo-dellarea-vestina\/#breadcrumb"},"inLanguage":"it-IT","potentialAction":[{"@type":"ReadAction","target":["https:\/\/wolftour.it\/en\/news\/escursione-guidata-a-penne-citta-del-mattone-capoluogo-dellarea-vestina\/"]}]},{"@type":"BreadcrumbList","@id":"https:\/\/wolftour.it\/en\/news\/escursione-guidata-a-penne-citta-del-mattone-capoluogo-dellarea-vestina\/#breadcrumb","itemListElement":[{"@type":"ListItem","position":1,"name":"Home","item":"https:\/\/wolftour.it\/homepage\/homepage\/"},{"@type":"ListItem","position":2,"name":"Penne and the Gran Sasso d&#8217;Italia, Event reserved for members of the Abruzzotravelling Consortium"}]},{"@type":"WebSite","@id":"https:\/\/wolftour.it\/it\/#website","url":"https:\/\/wolftour.it\/it\/","name":"Wolftour | Tour Operator in Abruzzo","description":"Viaggi e Vacanze Tour Operator in Abruzzo","publisher":{"@id":"https:\/\/wolftour.it\/it\/#organization"},"potentialAction":[{"@type":"SearchAction","target":{"@type":"EntryPoint","urlTemplate":"https:\/\/wolftour.it\/it\/?s={search_term_string}"},"query-input":"required name=search_term_string"}],"inLanguage":"it-IT"},{"@type":"Organization","@id":"https:\/\/wolftour.it\/it\/#organization","name":"Wolftour Srl","url":"https:\/\/wolftour.it\/it\/","logo":{"@type":"ImageObject","inLanguage":"it-IT","@id":"https:\/\/wolftour.it\/it\/#\/schema\/logo\/image\/","url":"https:\/\/wolftour.it\/wp-content\/uploads\/2016\/09\/wf_logo_mod.png","contentUrl":"https:\/\/wolftour.it\/wp-content\/uploads\/2016\/09\/wf_logo_mod.png","width":680,"height":205,"caption":"Wolftour Srl"},"image":{"@id":"https:\/\/wolftour.it\/it\/#\/schema\/logo\/image\/"},"sameAs":["https:\/\/www.facebook.com\/Wolftour\/","https:\/\/twitter.com\/Wolftour","https:\/\/www.instagram.com\/wolftour_italy\/","https:\/\/it.pinterest.com\/wolftour\/","https:\/\/www.youtube.com\/channel\/UCl8wQzrF789bSFRAA7_XJCQ"]},{"@type":"Person","@id":"https:\/\/wolftour.it\/it\/#\/schema\/person\/4a730d83f449933bec1d5d28eadbb73b","name":"Federica Giuliani","image":{"@type":"ImageObject","inLanguage":"it-IT","@id":"https:\/\/wolftour.it\/it\/#\/schema\/person\/image\/","url":"https:\/\/secure.gravatar.com\/avatar\/147585a7a120160f8039266a8f5981d3?s=96&d=mm&r=g","contentUrl":"https:\/\/secure.gravatar.com\/avatar\/147585a7a120160f8039266a8f5981d3?s=96&d=mm&r=g","caption":"Federica Giuliani"},"url":"https:\/\/wolftour.it\/it\/author\/federica\/"}]}},"_links":{"self":[{"href":"https:\/\/wolftour.it\/it\/wp-json\/wp\/v2\/posts\/7245"}],"collection":[{"href":"https:\/\/wolftour.it\/it\/wp-json\/wp\/v2\/posts"}],"about":[{"href":"https:\/\/wolftour.it\/it\/wp-json\/wp\/v2\/types\/post"}],"author":[{"embeddable":true,"href":"https:\/\/wolftour.it\/it\/wp-json\/wp\/v2\/users\/3"}],"replies":[{"embeddable":true,"href":"https:\/\/wolftour.it\/it\/wp-json\/wp\/v2\/comments?post=7245"}],"version-history":[{"count":6,"href":"https:\/\/wolftour.it\/it\/wp-json\/wp\/v2\/posts\/7245\/revisions"}],"predecessor-version":[{"id":7434,"href":"https:\/\/wolftour.it\/it\/wp-json\/wp\/v2\/posts\/7245\/revisions\/7434"}],"wp:featuredmedia":[{"embeddable":true,"href":"https:\/\/wolftour.it\/it\/wp-json\/wp\/v2\/media\/7246"}],"wp:attachment":[{"href":"https:\/\/wolftour.it\/it\/wp-json\/wp\/v2\/media?parent=7245"}],"wp:term":[{"taxonomy":"category","embeddable":true,"href":"https:\/\/wolftour.it\/it\/wp-json\/wp\/v2\/categories?post=7245"},{"taxonomy":"post_tag","embeddable":true,"href":"https:\/\/wolftour.it\/it\/wp-json\/wp\/v2\/tags?post=7245"}],"curies":[{"name":"wp","href":"https:\/\/api.w.org\/{rel}","templated":true}]}}